{"id":21325,"date":"2024-12-11T15:31:44","date_gmt":"2024-12-11T15:31:44","guid":{"rendered":"https:\/\/www.tuxpan-jal.gob.mx\/webok\/?p=21325"},"modified":"2024-12-11T15:31:46","modified_gmt":"2024-12-11T15:31:46","slug":"10-de-diciembre-se-celebra-el-dia-de-los-derechos-humanos","status":"publish","type":"post","link":"https:\/\/www.tuxpan-jal.gob.mx\/webok\/?p=21325","title":{"rendered":"10 de diciembre se celebra el D\u00eda de los Derechos Humanos."},"content":{"rendered":"\n<p><a href=\"https:\/\/www.facebook.com\/hashtag\/hoy?__eep__=6&amp;__cft__[0]=AZVhle9_jH2G2N2dp2bPTj4XXspjHCGXdNbnGG4T5k_fTNsB27aHUZAm1uq3hvmmi9N-dz1TsJKQAcUiNxT_ohUilDWqmp4iPTO1cRKSQpf8TqvySs0j6RZAAXlAfVVEzUKiye0Ts7k5Oy-MPlg_wFRV03HLr2L2AXWPrfGqabgZ4xEEWCPok5g-ccB203MRofc&amp;__tn__=*NK*F\">Hoy<\/a>\u00a0como cada 10 de diciembre se celebra el D\u00eda de los Derechos Humanos, fecha en la que se conmemora la aprobaci\u00f3n de la Declaraci\u00f3n Universal de los Derechos Humanos por parte de la Organizaci\u00f3n de las Naciones Unidas (ONU) en 1948. Este documento, catalogado por la propia ONU como hist\u00f3rico, proclama los derechos inalienables que corresponden a toda persona como ser humano, sin distinci\u00f3n de nacionalidad, lugar de residencia, sexo, origen nacional o \u00e9tnico, religi\u00f3n, lengua o cualquier otra condici\u00f3n.<\/p>\n\n\n\n<figure class=\"wp-block-gallery has-nested-images columns-default is-cropped wp-block-gallery-1 is-layout-flex wp-block-gallery-is-layout-flex\">\n<figure class=\"wp-block-image size-large\"><img loading=\"lazy\" decoding=\"async\" width=\"1024\" height=\"1024\" data-id=\"21326\" src=\"https:\/\/www.tuxpan-jal.gob.mx\/webok\/wp-content\/uploads\/2024\/12\/469885552_601720225694979_3499467807718241482_n-1024x1024.jpg\" alt=\"\" class=\"wp-image-21326\" srcset=\"https:\/\/www.tuxpan-jal.gob.mx\/webok\/wp-content\/uploads\/2024\/12\/469885552_601720225694979_3499467807718241482_n-1024x1024.jpg 1024w, https:\/\/www.tuxpan-jal.gob.mx\/webok\/wp-content\/uploads\/2024\/12\/469885552_601720225694979_3499467807718241482_n-300x300.jpg 300w, https:\/\/www.tuxpan-jal.gob.mx\/webok\/wp-content\/uploads\/2024\/12\/469885552_601720225694979_3499467807718241482_n-150x150.jpg 150w, https:\/\/www.tuxpan-jal.gob.mx\/webok\/wp-content\/uploads\/2024\/12\/469885552_601720225694979_3499467807718241482_n-768x768.jpg 768w, https:\/\/www.tuxpan-jal.gob.mx\/webok\/wp-content\/uploads\/2024\/12\/469885552_601720225694979_3499467807718241482_n-1536x1536.jpg 1536w, https:\/\/www.tuxpan-jal.gob.mx\/webok\/wp-content\/uploads\/2024\/12\/469885552_601720225694979_3499467807718241482_n-146x146.jpg 146w, https:\/\/www.tuxpan-jal.gob.mx\/webok\/wp-content\/uploads\/2024\/12\/469885552_601720225694979_3499467807718241482_n-50x50.jpg 50w, https:\/\/www.tuxpan-jal.gob.mx\/webok\/wp-content\/uploads\/2024\/12\/469885552_601720225694979_3499467807718241482_n-75x75.jpg 75w, https:\/\/www.tuxpan-jal.gob.mx\/webok\/wp-content\/uploads\/2024\/12\/469885552_601720225694979_3499467807718241482_n-85x85.jpg 85w, https:\/\/www.tuxpan-jal.gob.mx\/webok\/wp-content\/uploads\/2024\/12\/469885552_601720225694979_3499467807718241482_n-80x80.jpg 80w, https:\/\/www.tuxpan-jal.gob.mx\/webok\/wp-content\/uploads\/2024\/12\/469885552_601720225694979_3499467807718241482_n.jpg 1600w\" sizes=\"auto, (max-width: 1024px) 100vw, 1024px\" \/><\/figure>\n<\/figure>\n","protected":false},"excerpt":{"rendered":"<p>Hoy\u00a0como cada 10 de diciembre se celebra el D\u00eda de los Derechos Humanos, fecha en la que se conmemora la aprobaci\u00f3n de la Declaraci\u00f3n Universal de<span class=\"excerpt-hellip\"> [\u2026]<\/span><\/p>\n","protected":false},"author":1,"featured_media":21327,"comment_status":"open","ping_status":"closed","sticky":false,"template":"","format":"standard","meta":{"ub_ctt_via":"","footnotes":""},"categories":[1],"tags":[],"class_list":["post-21325","post","type-post","status-publish","format-standard","has-post-thumbnail","hentry","category-uncategorized"],"featured_image_src":"https:\/\/www.tuxpan-jal.gob.mx\/webok\/wp-content\/uploads\/2024\/12\/469885552_601720225694979_3499467807718241482_n-1.jpg","author_info":{"display_name":"admin","author_link":"https:\/\/www.tuxpan-jal.gob.mx\/webok\/?author=1"},"_links":{"self":[{"href":"https:\/\/www.tuxpan-jal.gob.mx\/webok\/index.php?rest_route=\/wp\/v2\/posts\/21325","targetHints":{"allow":["GET"]}}],"collection":[{"href":"https:\/\/www.tuxpan-jal.gob.mx\/webok\/index.php?rest_route=\/wp\/v2\/posts"}],"about":[{"href":"https:\/\/www.tuxpan-jal.gob.mx\/webok\/index.php?rest_route=\/wp\/v2\/types\/post"}],"author":[{"embeddable":true,"href":"https:\/\/www.tuxpan-jal.gob.mx\/webok\/index.php?rest_route=\/wp\/v2\/users\/1"}],"replies":[{"embeddable":true,"href":"https:\/\/www.tuxpan-jal.gob.mx\/webok\/index.php?rest_route=%2Fwp%2Fv2%2Fcomments&post=21325"}],"version-history":[{"count":1,"href":"https:\/\/www.tuxpan-jal.gob.mx\/webok\/index.php?rest_route=\/wp\/v2\/posts\/21325\/revisions"}],"predecessor-version":[{"id":21328,"href":"https:\/\/www.tuxpan-jal.gob.mx\/webok\/index.php?rest_route=\/wp\/v2\/posts\/21325\/revisions\/21328"}],"wp:featuredmedia":[{"embeddable":true,"href":"https:\/\/www.tuxpan-jal.gob.mx\/webok\/index.php?rest_route=\/wp\/v2\/media\/21327"}],"wp:attachment":[{"href":"https:\/\/www.tuxpan-jal.gob.mx\/webok\/index.php?rest_route=%2Fwp%2Fv2%2Fmedia&parent=21325"}],"wp:term":[{"taxonomy":"category","embeddable":true,"href":"https:\/\/www.tuxpan-jal.gob.mx\/webok\/index.php?rest_route=%2Fwp%2Fv2%2Fcategories&post=21325"},{"taxonomy":"post_tag","embeddable":true,"href":"https:\/\/www.tuxpan-jal.gob.mx\/webok\/index.php?rest_route=%2Fwp%2Fv2%2Ftags&post=21325"}],"curies":[{"name":"wp","href":"https:\/\/api.w.org\/{rel}","templated":true}]}}