{"id":21344,"date":"2024-12-12T15:51:55","date_gmt":"2024-12-12T15:51:55","guid":{"rendered":"https:\/\/www.tuxpan-jal.gob.mx\/webok\/?p=21344"},"modified":"2024-12-12T15:51:58","modified_gmt":"2024-12-12T15:51:58","slug":"desfile-navideno-tuxpan-2024","status":"publish","type":"post","link":"https:\/\/www.tuxpan-jal.gob.mx\/webok\/?p=21344","title":{"rendered":"Desfile navide\u00f1o Tuxpan 2024"},"content":{"rendered":"\n<p><a href=\"https:\/\/www.facebook.com\/hashtag\/atencion?__eep__=6&amp;__cft__[0]=AZXXWpr5ImneCTJwE7YSl_aK-eVhxjQvFhCg-poMW82Ix8ag7VF65yeTM8gFyGbSrpz6uX4JwLgm-wJh39AqCxEo2yYiormhOcAgPZsdhC8yGyMh1Z8IVASp9rJtbUgD4XSlqzcXG31ZU5jRsckPeqW3UmpFiPSI5zKlrrnwEt3DqzuGRZdR7BkZ-3lx3ef1mpI&amp;__tn__=*NK-R\">Atencion<\/a> a todos los ciudadanos les hacemos la cordial invitaci\u00f3n este 13 de diciembre para nuestro tradicional desfile navide\u00f1o, acomp\u00e1\u00f1anos por las principales calles del municipio.<\/p>\n\n\n\n<figure class=\"wp-block-gallery has-nested-images columns-default is-cropped wp-block-gallery-1 is-layout-flex wp-block-gallery-is-layout-flex\">\n<figure class=\"wp-block-image size-large\"><img loading=\"lazy\" decoding=\"async\" width=\"1024\" height=\"1024\" data-id=\"21345\" src=\"https:\/\/www.tuxpan-jal.gob.mx\/webok\/wp-content\/uploads\/2024\/12\/470020540_602329208967414_8374227661865710727_n-1024x1024.jpg\" alt=\"\" class=\"wp-image-21345\" srcset=\"https:\/\/www.tuxpan-jal.gob.mx\/webok\/wp-content\/uploads\/2024\/12\/470020540_602329208967414_8374227661865710727_n-1024x1024.jpg 1024w, https:\/\/www.tuxpan-jal.gob.mx\/webok\/wp-content\/uploads\/2024\/12\/470020540_602329208967414_8374227661865710727_n-300x300.jpg 300w, https:\/\/www.tuxpan-jal.gob.mx\/webok\/wp-content\/uploads\/2024\/12\/470020540_602329208967414_8374227661865710727_n-150x150.jpg 150w, https:\/\/www.tuxpan-jal.gob.mx\/webok\/wp-content\/uploads\/2024\/12\/470020540_602329208967414_8374227661865710727_n-768x768.jpg 768w, https:\/\/www.tuxpan-jal.gob.mx\/webok\/wp-content\/uploads\/2024\/12\/470020540_602329208967414_8374227661865710727_n-1536x1536.jpg 1536w, https:\/\/www.tuxpan-jal.gob.mx\/webok\/wp-content\/uploads\/2024\/12\/470020540_602329208967414_8374227661865710727_n-146x146.jpg 146w, https:\/\/www.tuxpan-jal.gob.mx\/webok\/wp-content\/uploads\/2024\/12\/470020540_602329208967414_8374227661865710727_n-50x50.jpg 50w, https:\/\/www.tuxpan-jal.gob.mx\/webok\/wp-content\/uploads\/2024\/12\/470020540_602329208967414_8374227661865710727_n-75x75.jpg 75w, https:\/\/www.tuxpan-jal.gob.mx\/webok\/wp-content\/uploads\/2024\/12\/470020540_602329208967414_8374227661865710727_n-85x85.jpg 85w, https:\/\/www.tuxpan-jal.gob.mx\/webok\/wp-content\/uploads\/2024\/12\/470020540_602329208967414_8374227661865710727_n-80x80.jpg 80w, https:\/\/www.tuxpan-jal.gob.mx\/webok\/wp-content\/uploads\/2024\/12\/470020540_602329208967414_8374227661865710727_n.jpg 1600w\" sizes=\"auto, (max-width: 1024px) 100vw, 1024px\" \/><\/figure>\n\n\n\n<figure class=\"wp-block-image size-large\"><img loading=\"lazy\" decoding=\"async\" width=\"1024\" height=\"1024\" data-id=\"21346\" src=\"https:\/\/www.tuxpan-jal.gob.mx\/webok\/wp-content\/uploads\/2024\/12\/470139066_602329218967413_7090186616709942489_n-1024x1024.jpg\" alt=\"\" class=\"wp-image-21346\" srcset=\"https:\/\/www.tuxpan-jal.gob.mx\/webok\/wp-content\/uploads\/2024\/12\/470139066_602329218967413_7090186616709942489_n-1024x1024.jpg 1024w, https:\/\/www.tuxpan-jal.gob.mx\/webok\/wp-content\/uploads\/2024\/12\/470139066_602329218967413_7090186616709942489_n-300x300.jpg 300w, https:\/\/www.tuxpan-jal.gob.mx\/webok\/wp-content\/uploads\/2024\/12\/470139066_602329218967413_7090186616709942489_n-150x150.jpg 150w, https:\/\/www.tuxpan-jal.gob.mx\/webok\/wp-content\/uploads\/2024\/12\/470139066_602329218967413_7090186616709942489_n-768x768.jpg 768w, https:\/\/www.tuxpan-jal.gob.mx\/webok\/wp-content\/uploads\/2024\/12\/470139066_602329218967413_7090186616709942489_n-1536x1536.jpg 1536w, https:\/\/www.tuxpan-jal.gob.mx\/webok\/wp-content\/uploads\/2024\/12\/470139066_602329218967413_7090186616709942489_n-146x146.jpg 146w, https:\/\/www.tuxpan-jal.gob.mx\/webok\/wp-content\/uploads\/2024\/12\/470139066_602329218967413_7090186616709942489_n-50x50.jpg 50w, https:\/\/www.tuxpan-jal.gob.mx\/webok\/wp-content\/uploads\/2024\/12\/470139066_602329218967413_7090186616709942489_n-75x75.jpg 75w, https:\/\/www.tuxpan-jal.gob.mx\/webok\/wp-content\/uploads\/2024\/12\/470139066_602329218967413_7090186616709942489_n-85x85.jpg 85w, https:\/\/www.tuxpan-jal.gob.mx\/webok\/wp-content\/uploads\/2024\/12\/470139066_602329218967413_7090186616709942489_n-80x80.jpg 80w, https:\/\/www.tuxpan-jal.gob.mx\/webok\/wp-content\/uploads\/2024\/12\/470139066_602329218967413_7090186616709942489_n.jpg 1600w\" sizes=\"auto, (max-width: 1024px) 100vw, 1024px\" \/><\/figure>\n<\/figure>\n","protected":false},"excerpt":{"rendered":"<p>Atencion a todos los ciudadanos les hacemos la cordial invitaci\u00f3n este 13 de diciembre para nuestro tradicional desfile navide\u00f1o, acomp\u00e1\u00f1anos por las principales calles del municipio.<\/p>\n","protected":false},"author":1,"featured_media":21346,"comment_status":"open","ping_status":"closed","sticky":false,"template":"","format":"standard","meta":{"ub_ctt_via":"","footnotes":""},"categories":[1],"tags":[],"class_list":["post-21344","post","type-post","status-publish","format-standard","has-post-thumbnail","hentry","category-uncategorized"],"featured_image_src":"https:\/\/www.tuxpan-jal.gob.mx\/webok\/wp-content\/uploads\/2024\/12\/470139066_602329218967413_7090186616709942489_n.jpg","author_info":{"display_name":"admin","author_link":"https:\/\/www.tuxpan-jal.gob.mx\/webok\/?author=1"},"_links":{"self":[{"href":"https:\/\/www.tuxpan-jal.gob.mx\/webok\/index.php?rest_route=\/wp\/v2\/posts\/21344","targetHints":{"allow":["GET"]}}],"collection":[{"href":"https:\/\/www.tuxpan-jal.gob.mx\/webok\/index.php?rest_route=\/wp\/v2\/posts"}],"about":[{"href":"https:\/\/www.tuxpan-jal.gob.mx\/webok\/index.php?rest_route=\/wp\/v2\/types\/post"}],"author":[{"embeddable":true,"href":"https:\/\/www.tuxpan-jal.gob.mx\/webok\/index.php?rest_route=\/wp\/v2\/users\/1"}],"replies":[{"embeddable":true,"href":"https:\/\/www.tuxpan-jal.gob.mx\/webok\/index.php?rest_route=%2Fwp%2Fv2%2Fcomments&post=21344"}],"version-history":[{"count":1,"href":"https:\/\/www.tuxpan-jal.gob.mx\/webok\/index.php?rest_route=\/wp\/v2\/posts\/21344\/revisions"}],"predecessor-version":[{"id":21347,"href":"https:\/\/www.tuxpan-jal.gob.mx\/webok\/index.php?rest_route=\/wp\/v2\/posts\/21344\/revisions\/21347"}],"wp:featuredmedia":[{"embeddable":true,"href":"https:\/\/www.tuxpan-jal.gob.mx\/webok\/index.php?rest_route=\/wp\/v2\/media\/21346"}],"wp:attachment":[{"href":"https:\/\/www.tuxpan-jal.gob.mx\/webok\/index.php?rest_route=%2Fwp%2Fv2%2Fmedia&parent=21344"}],"wp:term":[{"taxonomy":"category","embeddable":true,"href":"https:\/\/www.tuxpan-jal.gob.mx\/webok\/index.php?rest_route=%2Fwp%2Fv2%2Fcategories&post=21344"},{"taxonomy":"post_tag","embeddable":true,"href":"https:\/\/www.tuxpan-jal.gob.mx\/webok\/index.php?rest_route=%2Fwp%2Fv2%2Ftags&post=21344"}],"curies":[{"name":"wp","href":"https:\/\/api.w.org\/{rel}","templated":true}]}}