{"id":24201,"date":"2025-06-16T15:31:49","date_gmt":"2025-06-16T15:31:49","guid":{"rendered":"https:\/\/www.tuxpan-jal.gob.mx\/webok\/?p=24201"},"modified":"2025-06-16T15:31:51","modified_gmt":"2025-06-16T15:31:51","slug":"no-al-maltrato-animal","status":"publish","type":"post","link":"https:\/\/www.tuxpan-jal.gob.mx\/webok\/?p=24201","title":{"rendered":"\u00a1NO AL MALTRATO ANIMAL!"},"content":{"rendered":"\n<p><\/p>\n\n\n\n<p>Desde este Gobierno Municipal reiteramos con claridad: no toleraremos ning\u00fan tipo de violencia contra los animales. Nuestra Presidenta ha sido firme en este tema desde el inicio de su gesti\u00f3n. <\/p>\n\n\n\n<p>En relaci\u00f3n al video que circula en redes sociales, informamos que la persona responsable ya fue puesta a disposici\u00f3n y se le est\u00e1 dando seguimiento conforme a la ley. <\/p>\n\n\n\n<p>Invitamos a la ciudadan\u00eda a denunciar cualquier caso de maltrato a trav\u00e9s de inbox, donde ser\u00e1 atendido con la seriedad que merece. <\/p>\n\n\n\n<p>\u00a1Cuidar y respetar a los animales tambi\u00e9n es parte de nuestra responsabilidad como sociedad!<\/p>\n\n\n\n<figure class=\"wp-block-gallery has-nested-images columns-default is-cropped wp-block-gallery-1 is-layout-flex wp-block-gallery-is-layout-flex\">\n<figure class=\"wp-block-image size-large\"><img loading=\"lazy\" decoding=\"async\" width=\"1024\" height=\"1024\" data-id=\"24202\" src=\"https:\/\/www.tuxpan-jal.gob.mx\/webok\/wp-content\/uploads\/2025\/06\/506287252_734415322425468_1613018321992724323_n-1024x1024.jpg\" alt=\"\" class=\"wp-image-24202\" srcset=\"https:\/\/www.tuxpan-jal.gob.mx\/webok\/wp-content\/uploads\/2025\/06\/506287252_734415322425468_1613018321992724323_n-1024x1024.jpg 1024w, https:\/\/www.tuxpan-jal.gob.mx\/webok\/wp-content\/uploads\/2025\/06\/506287252_734415322425468_1613018321992724323_n-300x300.jpg 300w, https:\/\/www.tuxpan-jal.gob.mx\/webok\/wp-content\/uploads\/2025\/06\/506287252_734415322425468_1613018321992724323_n-150x150.jpg 150w, https:\/\/www.tuxpan-jal.gob.mx\/webok\/wp-content\/uploads\/2025\/06\/506287252_734415322425468_1613018321992724323_n-768x768.jpg 768w, https:\/\/www.tuxpan-jal.gob.mx\/webok\/wp-content\/uploads\/2025\/06\/506287252_734415322425468_1613018321992724323_n-1536x1536.jpg 1536w, https:\/\/www.tuxpan-jal.gob.mx\/webok\/wp-content\/uploads\/2025\/06\/506287252_734415322425468_1613018321992724323_n-146x146.jpg 146w, https:\/\/www.tuxpan-jal.gob.mx\/webok\/wp-content\/uploads\/2025\/06\/506287252_734415322425468_1613018321992724323_n-50x50.jpg 50w, https:\/\/www.tuxpan-jal.gob.mx\/webok\/wp-content\/uploads\/2025\/06\/506287252_734415322425468_1613018321992724323_n-75x75.jpg 75w, https:\/\/www.tuxpan-jal.gob.mx\/webok\/wp-content\/uploads\/2025\/06\/506287252_734415322425468_1613018321992724323_n-85x85.jpg 85w, https:\/\/www.tuxpan-jal.gob.mx\/webok\/wp-content\/uploads\/2025\/06\/506287252_734415322425468_1613018321992724323_n-80x80.jpg 80w, https:\/\/www.tuxpan-jal.gob.mx\/webok\/wp-content\/uploads\/2025\/06\/506287252_734415322425468_1613018321992724323_n.jpg 1600w\" sizes=\"auto, (max-width: 1024px) 100vw, 1024px\" \/><\/figure>\n<\/figure>\n","protected":false},"excerpt":{"rendered":"<p>Desde este Gobierno Municipal reiteramos con claridad: no toleraremos ning\u00fan tipo de violencia contra los animales. Nuestra Presidenta ha sido firme en este tema desde el<span class=\"excerpt-hellip\"> [\u2026]<\/span><\/p>\n","protected":false},"author":1,"featured_media":24202,"comment_status":"open","ping_status":"closed","sticky":false,"template":"","format":"standard","meta":{"ub_ctt_via":"","footnotes":""},"categories":[1],"tags":[],"class_list":["post-24201","post","type-post","status-publish","format-standard","has-post-thumbnail","hentry","category-uncategorized"],"featured_image_src":"https:\/\/www.tuxpan-jal.gob.mx\/webok\/wp-content\/uploads\/2025\/06\/506287252_734415322425468_1613018321992724323_n.jpg","author_info":{"display_name":"admin","author_link":"https:\/\/www.tuxpan-jal.gob.mx\/webok\/?author=1"},"_links":{"self":[{"href":"https:\/\/www.tuxpan-jal.gob.mx\/webok\/index.php?rest_route=\/wp\/v2\/posts\/24201","targetHints":{"allow":["GET"]}}],"collection":[{"href":"https:\/\/www.tuxpan-jal.gob.mx\/webok\/index.php?rest_route=\/wp\/v2\/posts"}],"about":[{"href":"https:\/\/www.tuxpan-jal.gob.mx\/webok\/index.php?rest_route=\/wp\/v2\/types\/post"}],"author":[{"embeddable":true,"href":"https:\/\/www.tuxpan-jal.gob.mx\/webok\/index.php?rest_route=\/wp\/v2\/users\/1"}],"replies":[{"embeddable":true,"href":"https:\/\/www.tuxpan-jal.gob.mx\/webok\/index.php?rest_route=%2Fwp%2Fv2%2Fcomments&post=24201"}],"version-history":[{"count":1,"href":"https:\/\/www.tuxpan-jal.gob.mx\/webok\/index.php?rest_route=\/wp\/v2\/posts\/24201\/revisions"}],"predecessor-version":[{"id":24203,"href":"https:\/\/www.tuxpan-jal.gob.mx\/webok\/index.php?rest_route=\/wp\/v2\/posts\/24201\/revisions\/24203"}],"wp:featuredmedia":[{"embeddable":true,"href":"https:\/\/www.tuxpan-jal.gob.mx\/webok\/index.php?rest_route=\/wp\/v2\/media\/24202"}],"wp:attachment":[{"href":"https:\/\/www.tuxpan-jal.gob.mx\/webok\/index.php?rest_route=%2Fwp%2Fv2%2Fmedia&parent=24201"}],"wp:term":[{"taxonomy":"category","embeddable":true,"href":"https:\/\/www.tuxpan-jal.gob.mx\/webok\/index.php?rest_route=%2Fwp%2Fv2%2Fcategories&post=24201"},{"taxonomy":"post_tag","embeddable":true,"href":"https:\/\/www.tuxpan-jal.gob.mx\/webok\/index.php?rest_route=%2Fwp%2Fv2%2Ftags&post=24201"}],"curies":[{"name":"wp","href":"https:\/\/api.w.org\/{rel}","templated":true}]}}