{"id":26886,"date":"2025-12-02T15:21:18","date_gmt":"2025-12-02T15:21:18","guid":{"rendered":"https:\/\/www.tuxpan-jal.gob.mx\/webok\/?p=26886"},"modified":"2025-12-02T15:21:20","modified_gmt":"2025-12-02T15:21:20","slug":"ya-te-tomaste-la-foto-en-nuestra-espectacular-decoracion-navidena","status":"publish","type":"post","link":"https:\/\/www.tuxpan-jal.gob.mx\/webok\/?p=26886","title":{"rendered":"\u00bfYa te tomaste la foto en nuestra espectacular decoraci\u00f3n navide\u00f1a?"},"content":{"rendered":"\n<p>\u00bfYa te tomaste la foto en nuestra espectacular decoraci\u00f3n navide\u00f1a? <\/p>\n\n\n\n<p>Una vez m\u00e1s, Tuxpan brilla y se posiciona como el gran referente del sur de Jalisco, gracias a esta hermosa intervenci\u00f3n que <a href=\"https:\/\/www.facebook.com\/hashtag\/nuestrapresidenta?__eep__=6&amp;__cft__[0]=AZVP_lTzZCXWrTCqQneCKwCwFWJtBeeChEbvZEgxe_IGyz73YCP-qh_nUtOkO1Un0srrM8kFtJLn1Al-_a_2V4FR8A7V6civNm_iJMR0L6m2M1NcmIJMxrXfCiO1zdkQ3Hmb-uJGs1K4wm-i4kOdgMXrsvWDUI13KKjtRaZec5ShTsDeCjzNvfcAYItKN9jCOwI&amp;__tn__=*NK-R\">Nuestra Presidenta<\/a> ha preparado con mucho cari\u00f1o para todas y todos ustedes.<\/p>\n\n\n\n<p>An\u00edmate, ven con tu familia, con tus amigos y t\u00f3mate la foto en este espacio que es para ti. Cada rinc\u00f3n est\u00e1 pensado para que vivas la magia de la temporada y te lleves un recuerdo inolvidable.<\/p>\n\n\n\n<p> Te pedimos que nos apoyes cuid\u00e1ndolo, as\u00ed seguimos disfrutando juntos de un espacio p\u00fablico digno, bonito y siempre listo para presumirse.<\/p>\n\n\n\n<p>\u00a1Gracias por ser parte de la transformaci\u00f3n de y por hacer que Tuxpan siga brillando!<\/p>\n\n\n\n<figure class=\"wp-block-image size-large\"><img decoding=\"async\" src=\"https:\/\/www.tuxpan-jal.gob.mx\/webok\/wp-content\/uploads\/2025\/12\/592213136_869676235566042_2831208502765684958_n.jpg\" alt=\"\"\/><\/figure>\n","protected":false},"excerpt":{"rendered":"<p>\u00bfYa te tomaste la foto en nuestra espectacular decoraci\u00f3n navide\u00f1a? Una vez m\u00e1s, Tuxpan brilla y se posiciona como el gran referente del sur de Jalisco,<span class=\"excerpt-hellip\"> [\u2026]<\/span><\/p>\n","protected":false},"author":1,"featured_media":26885,"comment_status":"open","ping_status":"closed","sticky":false,"template":"","format":"standard","meta":{"ub_ctt_via":"","footnotes":""},"categories":[1],"tags":[],"class_list":["post-26886","post","type-post","status-publish","format-standard","has-post-thumbnail","hentry","category-uncategorized"],"featured_image_src":"https:\/\/www.tuxpan-jal.gob.mx\/webok\/wp-content\/uploads\/2025\/12\/592213136_869676235566042_2831208502765684958_n.jpg","author_info":{"display_name":"admin","author_link":"https:\/\/www.tuxpan-jal.gob.mx\/webok\/?author=1"},"_links":{"self":[{"href":"https:\/\/www.tuxpan-jal.gob.mx\/webok\/index.php?rest_route=\/wp\/v2\/posts\/26886","targetHints":{"allow":["GET"]}}],"collection":[{"href":"https:\/\/www.tuxpan-jal.gob.mx\/webok\/index.php?rest_route=\/wp\/v2\/posts"}],"about":[{"href":"https:\/\/www.tuxpan-jal.gob.mx\/webok\/index.php?rest_route=\/wp\/v2\/types\/post"}],"author":[{"embeddable":true,"href":"https:\/\/www.tuxpan-jal.gob.mx\/webok\/index.php?rest_route=\/wp\/v2\/users\/1"}],"replies":[{"embeddable":true,"href":"https:\/\/www.tuxpan-jal.gob.mx\/webok\/index.php?rest_route=%2Fwp%2Fv2%2Fcomments&post=26886"}],"version-history":[{"count":1,"href":"https:\/\/www.tuxpan-jal.gob.mx\/webok\/index.php?rest_route=\/wp\/v2\/posts\/26886\/revisions"}],"predecessor-version":[{"id":26887,"href":"https:\/\/www.tuxpan-jal.gob.mx\/webok\/index.php?rest_route=\/wp\/v2\/posts\/26886\/revisions\/26887"}],"wp:featuredmedia":[{"embeddable":true,"href":"https:\/\/www.tuxpan-jal.gob.mx\/webok\/index.php?rest_route=\/wp\/v2\/media\/26885"}],"wp:attachment":[{"href":"https:\/\/www.tuxpan-jal.gob.mx\/webok\/index.php?rest_route=%2Fwp%2Fv2%2Fmedia&parent=26886"}],"wp:term":[{"taxonomy":"category","embeddable":true,"href":"https:\/\/www.tuxpan-jal.gob.mx\/webok\/index.php?rest_route=%2Fwp%2Fv2%2Fcategories&post=26886"},{"taxonomy":"post_tag","embeddable":true,"href":"https:\/\/www.tuxpan-jal.gob.mx\/webok\/index.php?rest_route=%2Fwp%2Fv2%2Ftags&post=26886"}],"curies":[{"name":"wp","href":"https:\/\/api.w.org\/{rel}","templated":true}]}}