{"id":26904,"date":"2025-12-05T18:46:12","date_gmt":"2025-12-05T18:46:12","guid":{"rendered":"https:\/\/www.tuxpan-jal.gob.mx\/webok\/?p=26904"},"modified":"2025-12-05T18:46:13","modified_gmt":"2025-12-05T18:46:13","slug":"te-invitamos-a-respetar-y-cuidar-la-decoracion-y-el-cableado-del-jardin-principal","status":"publish","type":"post","link":"https:\/\/www.tuxpan-jal.gob.mx\/webok\/?p=26904","title":{"rendered":"Te invitamos a respetar y cuidar la decoraci\u00f3n y el cableado del Jard\u00edn Principal."},"content":{"rendered":"\n<p>Te invitamos a respetar y cuidar la decoraci\u00f3n y el cableado del Jard\u00edn Principal.<br>Estos detalles se colocan con mucho esfuerzo para que todas y todos disfrutemos de un espacio bonito y seguro.&nbsp;<\/p>\n\n\n\n<p>&nbsp;Te pedimos tu apoyo:<br>Si observas a alguien da\u00f1ando o manipulando la decoraci\u00f3n, rep\u00f3rtalo de inmediato. Cuidar nuestro jard\u00edn es responsabilidad de todas y todos.<\/p>\n\n\n\n<figure class=\"wp-block-image size-large\"><img decoding=\"async\" src=\"https:\/\/www.tuxpan-jal.gob.mx\/webok\/wp-content\/uploads\/2025\/12\/594588188_870072198859779_5247180541176273705_n.jpg\" alt=\"\"\/><\/figure>\n","protected":false},"excerpt":{"rendered":"<p>Te invitamos a respetar y cuidar la decoraci\u00f3n y el cableado del Jard\u00edn Principal.Estos detalles se colocan con mucho esfuerzo para que todas y todos disfrutemos<span class=\"excerpt-hellip\"> [\u2026]<\/span><\/p>\n","protected":false},"author":1,"featured_media":26905,"comment_status":"open","ping_status":"closed","sticky":false,"template":"","format":"standard","meta":{"ub_ctt_via":"","footnotes":""},"categories":[1],"tags":[],"class_list":["post-26904","post","type-post","status-publish","format-standard","has-post-thumbnail","hentry","category-uncategorized"],"featured_image_src":"https:\/\/www.tuxpan-jal.gob.mx\/webok\/wp-content\/uploads\/2025\/12\/594588188_870072198859779_5247180541176273705_n-1.jpg","author_info":{"display_name":"admin","author_link":"https:\/\/www.tuxpan-jal.gob.mx\/webok\/?author=1"},"_links":{"self":[{"href":"https:\/\/www.tuxpan-jal.gob.mx\/webok\/index.php?rest_route=\/wp\/v2\/posts\/26904","targetHints":{"allow":["GET"]}}],"collection":[{"href":"https:\/\/www.tuxpan-jal.gob.mx\/webok\/index.php?rest_route=\/wp\/v2\/posts"}],"about":[{"href":"https:\/\/www.tuxpan-jal.gob.mx\/webok\/index.php?rest_route=\/wp\/v2\/types\/post"}],"author":[{"embeddable":true,"href":"https:\/\/www.tuxpan-jal.gob.mx\/webok\/index.php?rest_route=\/wp\/v2\/users\/1"}],"replies":[{"embeddable":true,"href":"https:\/\/www.tuxpan-jal.gob.mx\/webok\/index.php?rest_route=%2Fwp%2Fv2%2Fcomments&post=26904"}],"version-history":[{"count":1,"href":"https:\/\/www.tuxpan-jal.gob.mx\/webok\/index.php?rest_route=\/wp\/v2\/posts\/26904\/revisions"}],"predecessor-version":[{"id":26906,"href":"https:\/\/www.tuxpan-jal.gob.mx\/webok\/index.php?rest_route=\/wp\/v2\/posts\/26904\/revisions\/26906"}],"wp:featuredmedia":[{"embeddable":true,"href":"https:\/\/www.tuxpan-jal.gob.mx\/webok\/index.php?rest_route=\/wp\/v2\/media\/26905"}],"wp:attachment":[{"href":"https:\/\/www.tuxpan-jal.gob.mx\/webok\/index.php?rest_route=%2Fwp%2Fv2%2Fmedia&parent=26904"}],"wp:term":[{"taxonomy":"category","embeddable":true,"href":"https:\/\/www.tuxpan-jal.gob.mx\/webok\/index.php?rest_route=%2Fwp%2Fv2%2Fcategories&post=26904"},{"taxonomy":"post_tag","embeddable":true,"href":"https:\/\/www.tuxpan-jal.gob.mx\/webok\/index.php?rest_route=%2Fwp%2Fv2%2Ftags&post=26904"}],"curies":[{"name":"wp","href":"https:\/\/api.w.org\/{rel}","templated":true}]}}