{"id":26916,"date":"2025-12-05T18:53:47","date_gmt":"2025-12-05T18:53:47","guid":{"rendered":"https:\/\/www.tuxpan-jal.gob.mx\/webok\/?p=26916"},"modified":"2025-12-05T18:53:48","modified_gmt":"2025-12-05T18:53:48","slug":"dia-internacional-de-las-personas-con-discapacidad-2","status":"publish","type":"post","link":"https:\/\/www.tuxpan-jal.gob.mx\/webok\/?p=26916","title":{"rendered":"D\u00eda Internacional de las Personas con Discapacidad."},"content":{"rendered":"\n<p>Hoy, en el D\u00eda Internacional de las Personas con Discapacidad, el CAM de nuestro municipio sali\u00f3 en una hermosa caravana para recordarnos que la discapacidad es solo una condici\u00f3n, no una limitante ni algo que define a una persona.<\/p>\n\n\n\n<p>Cada uno de ellos nos ense\u00f1a con su sonrisa, su esfuerzo y su alegr\u00eda  que el verdadero valor est\u00e1 en el coraz\u00f3n, en la voluntad y en las ganas de salir adelante d\u00eda a d\u00eda.<\/p>\n\n\n\n<p>Porque la discapacidad no est\u00e1 en el cuerpo ni en la mente\u2026 est\u00e1 en el miedo, en los prejuicios y en la falta de empat\u00eda . Hoy nuestros ni\u00f1os, j\u00f3venes, familias y maestros nos inspiran a mirar con m\u00e1s amor, m\u00e1s comprensi\u00f3n y m\u00e1s respeto. <\/p>\n\n\n\n<p>Aplaudimos al CAM por esta iniciativa que toca corazones y abre caminos . Sigamos sumando, sigamos visibilizando y, sobre todo, sigamos entendiendo que todos somos capaces, valiosos y merecemos las mismas oportunidades<\/p>\n\n\n\n<figure class=\"wp-block-image size-large\"><img decoding=\"async\" src=\"https:\/\/www.tuxpan-jal.gob.mx\/webok\/wp-content\/uploads\/2025\/12\/594056484_870766108790388_2949958196644996422_n.jpg\" alt=\"\"\/><\/figure>\n","protected":false},"excerpt":{"rendered":"<p>Hoy, en el D\u00eda Internacional de las Personas con Discapacidad, el CAM de nuestro municipio sali\u00f3 en una hermosa caravana para recordarnos que la discapacidad es<span class=\"excerpt-hellip\"> [\u2026]<\/span><\/p>\n","protected":false},"author":1,"featured_media":26915,"comment_status":"open","ping_status":"closed","sticky":false,"template":"","format":"standard","meta":{"ub_ctt_via":"","footnotes":""},"categories":[1],"tags":[],"class_list":["post-26916","post","type-post","status-publish","format-standard","has-post-thumbnail","hentry","category-uncategorized"],"featured_image_src":"https:\/\/www.tuxpan-jal.gob.mx\/webok\/wp-content\/uploads\/2025\/12\/594056484_870766108790388_2949958196644996422_n.jpg","author_info":{"display_name":"admin","author_link":"https:\/\/www.tuxpan-jal.gob.mx\/webok\/?author=1"},"_links":{"self":[{"href":"https:\/\/www.tuxpan-jal.gob.mx\/webok\/index.php?rest_route=\/wp\/v2\/posts\/26916","targetHints":{"allow":["GET"]}}],"collection":[{"href":"https:\/\/www.tuxpan-jal.gob.mx\/webok\/index.php?rest_route=\/wp\/v2\/posts"}],"about":[{"href":"https:\/\/www.tuxpan-jal.gob.mx\/webok\/index.php?rest_route=\/wp\/v2\/types\/post"}],"author":[{"embeddable":true,"href":"https:\/\/www.tuxpan-jal.gob.mx\/webok\/index.php?rest_route=\/wp\/v2\/users\/1"}],"replies":[{"embeddable":true,"href":"https:\/\/www.tuxpan-jal.gob.mx\/webok\/index.php?rest_route=%2Fwp%2Fv2%2Fcomments&post=26916"}],"version-history":[{"count":1,"href":"https:\/\/www.tuxpan-jal.gob.mx\/webok\/index.php?rest_route=\/wp\/v2\/posts\/26916\/revisions"}],"predecessor-version":[{"id":26917,"href":"https:\/\/www.tuxpan-jal.gob.mx\/webok\/index.php?rest_route=\/wp\/v2\/posts\/26916\/revisions\/26917"}],"wp:featuredmedia":[{"embeddable":true,"href":"https:\/\/www.tuxpan-jal.gob.mx\/webok\/index.php?rest_route=\/wp\/v2\/media\/26915"}],"wp:attachment":[{"href":"https:\/\/www.tuxpan-jal.gob.mx\/webok\/index.php?rest_route=%2Fwp%2Fv2%2Fmedia&parent=26916"}],"wp:term":[{"taxonomy":"category","embeddable":true,"href":"https:\/\/www.tuxpan-jal.gob.mx\/webok\/index.php?rest_route=%2Fwp%2Fv2%2Fcategories&post=26916"},{"taxonomy":"post_tag","embeddable":true,"href":"https:\/\/www.tuxpan-jal.gob.mx\/webok\/index.php?rest_route=%2Fwp%2Fv2%2Ftags&post=26916"}],"curies":[{"name":"wp","href":"https:\/\/api.w.org\/{rel}","templated":true}]}}