{"id":27127,"date":"2026-01-19T15:29:39","date_gmt":"2026-01-19T15:29:39","guid":{"rendered":"https:\/\/www.tuxpan-jal.gob.mx\/webok\/?p=27127"},"modified":"2026-01-19T15:29:40","modified_gmt":"2026-01-19T15:29:40","slug":"atencion-ciudadania","status":"publish","type":"post","link":"https:\/\/www.tuxpan-jal.gob.mx\/webok\/?p=27127","title":{"rendered":"\u00a1 ATENCI\u00d3N, CIUDADAN\u00cdA !"},"content":{"rendered":"\n<p>\u00a1 ATENCI\u00d3N, CIUDADAN\u00cdA !<\/p>\n\n\n\n<p>Una vez m\u00e1s se registr\u00f3 el destrozo de un macet\u00f3n, en esta ocasi\u00f3n en la calle Aquiles Serd\u00e1n .<\/p>\n\n\n\n<p>Hacemos un llamado atento y en\u00e9rgico a cuidar lo que es de todas y todos . Estos espacios se crean para embellecer y mejorar nuestro entorno, y su cuidado es responsabilidad compartida.<\/p>\n\n\n\n<p> Si viste qui\u00e9n fue, te pedimos que lo reportes .<\/p>\n\n\n\n<p> Tu reporte ser\u00e1 completamente an\u00f3nimo.<\/p>\n\n\n\n<p>Ay\u00fadanos a encontrar al responsable y a proteger nuestros espacios p\u00fablicos.<\/p>\n\n\n\n<p>\u00a1Cuidar Tuxpan es tarea de todas y todos!<\/p>\n\n\n\n<figure class=\"wp-block-image size-large\"><img decoding=\"async\" src=\"https:\/\/www.tuxpan-jal.gob.mx\/webok\/wp-content\/uploads\/2026\/01\/615998075_903179435549055_9003911464569849491_n.jpg\" alt=\"\"\/><\/figure>\n","protected":false},"excerpt":{"rendered":"<p>\u00a1 ATENCI\u00d3N, CIUDADAN\u00cdA ! Una vez m\u00e1s se registr\u00f3 el destrozo de un macet\u00f3n, en esta ocasi\u00f3n en la calle Aquiles Serd\u00e1n . Hacemos un llamado<span class=\"excerpt-hellip\"> [\u2026]<\/span><\/p>\n","protected":false},"author":1,"featured_media":27126,"comment_status":"open","ping_status":"closed","sticky":false,"template":"","format":"standard","meta":{"ub_ctt_via":"","footnotes":""},"categories":[1],"tags":[],"class_list":["post-27127","post","type-post","status-publish","format-standard","has-post-thumbnail","hentry","category-uncategorized"],"featured_image_src":"https:\/\/www.tuxpan-jal.gob.mx\/webok\/wp-content\/uploads\/2026\/01\/615998075_903179435549055_9003911464569849491_n.jpg","author_info":{"display_name":"admin","author_link":"https:\/\/www.tuxpan-jal.gob.mx\/webok\/?author=1"},"_links":{"self":[{"href":"https:\/\/www.tuxpan-jal.gob.mx\/webok\/index.php?rest_route=\/wp\/v2\/posts\/27127","targetHints":{"allow":["GET"]}}],"collection":[{"href":"https:\/\/www.tuxpan-jal.gob.mx\/webok\/index.php?rest_route=\/wp\/v2\/posts"}],"about":[{"href":"https:\/\/www.tuxpan-jal.gob.mx\/webok\/index.php?rest_route=\/wp\/v2\/types\/post"}],"author":[{"embeddable":true,"href":"https:\/\/www.tuxpan-jal.gob.mx\/webok\/index.php?rest_route=\/wp\/v2\/users\/1"}],"replies":[{"embeddable":true,"href":"https:\/\/www.tuxpan-jal.gob.mx\/webok\/index.php?rest_route=%2Fwp%2Fv2%2Fcomments&post=27127"}],"version-history":[{"count":1,"href":"https:\/\/www.tuxpan-jal.gob.mx\/webok\/index.php?rest_route=\/wp\/v2\/posts\/27127\/revisions"}],"predecessor-version":[{"id":27128,"href":"https:\/\/www.tuxpan-jal.gob.mx\/webok\/index.php?rest_route=\/wp\/v2\/posts\/27127\/revisions\/27128"}],"wp:featuredmedia":[{"embeddable":true,"href":"https:\/\/www.tuxpan-jal.gob.mx\/webok\/index.php?rest_route=\/wp\/v2\/media\/27126"}],"wp:attachment":[{"href":"https:\/\/www.tuxpan-jal.gob.mx\/webok\/index.php?rest_route=%2Fwp%2Fv2%2Fmedia&parent=27127"}],"wp:term":[{"taxonomy":"category","embeddable":true,"href":"https:\/\/www.tuxpan-jal.gob.mx\/webok\/index.php?rest_route=%2Fwp%2Fv2%2Fcategories&post=27127"},{"taxonomy":"post_tag","embeddable":true,"href":"https:\/\/www.tuxpan-jal.gob.mx\/webok\/index.php?rest_route=%2Fwp%2Fv2%2Ftags&post=27127"}],"curies":[{"name":"wp","href":"https:\/\/api.w.org\/{rel}","templated":true}]}}