{"id":27130,"date":"2026-01-19T15:35:18","date_gmt":"2026-01-19T15:35:18","guid":{"rendered":"https:\/\/www.tuxpan-jal.gob.mx\/webok\/?p=27130"},"modified":"2026-01-19T15:35:19","modified_gmt":"2026-01-19T15:35:19","slug":"participacion-especial-de-emperadores-del-mariachi","status":"publish","type":"post","link":"https:\/\/www.tuxpan-jal.gob.mx\/webok\/?p=27130","title":{"rendered":"Participaci\u00f3n especial de Emperadores del Mariachi"},"content":{"rendered":"\n<p>&nbsp;Vivamos nuestras tradiciones&nbsp;<\/p>\n\n\n\n<p>Nuestra identidad se fortalece cuando honramos aquello que nos da origen. Por ello, les extiendo una cordial invitaci\u00f3n a acompa\u00f1ar este 19 de enero, en la Capilla de San Sebasti\u00e1n, a partir de las 9:00 p.m., para disfrutar de una noche llena de fe, m\u00fasica y tradici\u00f3n.<\/p>\n\n\n\n<p>\u00a0En el marco de nuestras festividades, llega la participaci\u00f3n especial de Emperadores del Mariachi, quienes engalanar\u00e1n esta celebraci\u00f3n dedicada a San Sebasti\u00e1n, s\u00edmbolo de protecci\u00f3n, esperanza y unidad para nuestro pueblo.<a href=\"https:\/\/www.facebook.com\/hashtag\/nuestrapresidenta?__eep__=6&amp;__cft__[0]=AZacsx1z9FScvV8CYdO01DpUAFiE560F0ENbnVo2C7X5NpIzttGC2H4epud6YNxpi1-xPF9z-N2cf3BqiXeQeZXzB90q9nQd6dDsYx_wFnI20hRCbsHoexD-x8r_ryXRp_nQzDC9yfJzrBVen-J1OIbbjiglmG4n9YemE71iWiCDKw9-Vd8zGj5lApf2kvtwjkI&amp;__tn__=*NK*F\"> Nuestra presidenta<\/a>\u00a0invita a ser parte de esta experiencia que nos recuerda qui\u00e9nes somos y de d\u00f3nde venimos. Vivamos juntos nuestras tradiciones y sigamos fortaleciendo el orgullo de nuestra comunidad.<\/p>\n\n\n\n<figure class=\"wp-block-image size-large\"><img decoding=\"async\" src=\"https:\/\/www.tuxpan-jal.gob.mx\/webok\/wp-content\/uploads\/2026\/01\/615998075_903179435549055_9003911464569849491_n-1.jpg\" alt=\"\"\/><\/figure>\n","protected":false},"excerpt":{"rendered":"<p>&nbsp;Vivamos nuestras tradiciones&nbsp; Nuestra identidad se fortalece cuando honramos aquello que nos da origen. Por ello, les extiendo una cordial invitaci\u00f3n a acompa\u00f1ar este 19 de<span class=\"excerpt-hellip\"> [\u2026]<\/span><\/p>\n","protected":false},"author":1,"featured_media":27129,"comment_status":"open","ping_status":"closed","sticky":false,"template":"","format":"standard","meta":{"ub_ctt_via":"","footnotes":""},"categories":[1],"tags":[],"class_list":["post-27130","post","type-post","status-publish","format-standard","has-post-thumbnail","hentry","category-uncategorized"],"featured_image_src":"https:\/\/www.tuxpan-jal.gob.mx\/webok\/wp-content\/uploads\/2026\/01\/615998075_903179435549055_9003911464569849491_n-1.jpg","author_info":{"display_name":"admin","author_link":"https:\/\/www.tuxpan-jal.gob.mx\/webok\/?author=1"},"_links":{"self":[{"href":"https:\/\/www.tuxpan-jal.gob.mx\/webok\/index.php?rest_route=\/wp\/v2\/posts\/27130","targetHints":{"allow":["GET"]}}],"collection":[{"href":"https:\/\/www.tuxpan-jal.gob.mx\/webok\/index.php?rest_route=\/wp\/v2\/posts"}],"about":[{"href":"https:\/\/www.tuxpan-jal.gob.mx\/webok\/index.php?rest_route=\/wp\/v2\/types\/post"}],"author":[{"embeddable":true,"href":"https:\/\/www.tuxpan-jal.gob.mx\/webok\/index.php?rest_route=\/wp\/v2\/users\/1"}],"replies":[{"embeddable":true,"href":"https:\/\/www.tuxpan-jal.gob.mx\/webok\/index.php?rest_route=%2Fwp%2Fv2%2Fcomments&post=27130"}],"version-history":[{"count":1,"href":"https:\/\/www.tuxpan-jal.gob.mx\/webok\/index.php?rest_route=\/wp\/v2\/posts\/27130\/revisions"}],"predecessor-version":[{"id":27131,"href":"https:\/\/www.tuxpan-jal.gob.mx\/webok\/index.php?rest_route=\/wp\/v2\/posts\/27130\/revisions\/27131"}],"wp:featuredmedia":[{"embeddable":true,"href":"https:\/\/www.tuxpan-jal.gob.mx\/webok\/index.php?rest_route=\/wp\/v2\/media\/27129"}],"wp:attachment":[{"href":"https:\/\/www.tuxpan-jal.gob.mx\/webok\/index.php?rest_route=%2Fwp%2Fv2%2Fmedia&parent=27130"}],"wp:term":[{"taxonomy":"category","embeddable":true,"href":"https:\/\/www.tuxpan-jal.gob.mx\/webok\/index.php?rest_route=%2Fwp%2Fv2%2Fcategories&post=27130"},{"taxonomy":"post_tag","embeddable":true,"href":"https:\/\/www.tuxpan-jal.gob.mx\/webok\/index.php?rest_route=%2Fwp%2Fv2%2Ftags&post=27130"}],"curies":[{"name":"wp","href":"https:\/\/api.w.org\/{rel}","templated":true}]}}