{"id":27145,"date":"2026-01-22T15:43:16","date_gmt":"2026-01-22T15:43:16","guid":{"rendered":"https:\/\/www.tuxpan-jal.gob.mx\/webok\/?p=27145"},"modified":"2026-01-22T15:43:17","modified_gmt":"2026-01-22T15:43:17","slug":"galeria-de-san-sebastian","status":"publish","type":"post","link":"https:\/\/www.tuxpan-jal.gob.mx\/webok\/?p=27145","title":{"rendered":"Galer\u00eda de San Sebasti\u00e1n"},"content":{"rendered":"\n<p>Aqu\u00ed te dejamos la galer\u00eda de San Sebasti\u00e1n, una festividad que se vive con el coraz\u00f3n y que a\u00f1o con a\u00f1o une a nuestro pueblo. Con gran fervor  y profunda devoci\u00f3n , las y los participantes demostraron su fe y su compromiso con esta tradici\u00f3n que nos da identidad y orgullo.<\/p>\n\n\n\n<p>Cada imagen refleja el amor por nuestras costumbres , el respeto a nuestras ra\u00edces y la fuerza de una comunidad que mantiene vivas sus tradiciones. Gracias a todas y todos los que forman parte de esta celebraci\u00f3n tan significativa .<\/p>\n\n\n\n<p>Ingresa al siguiente enlace: <\/p>\n\n\n\n<p><a href=\"https:\/\/www.facebook.com\/share\/p\/1G3HW8zsjZ\">https:\/\/www.facebook.com\/share\/p\/1G3HW8zsjZ<\/a><\/p>\n\n\n\n<p><\/p>\n\n\n\n<figure class=\"wp-block-image size-large\"><img decoding=\"async\" src=\"https:\/\/www.tuxpan-jal.gob.mx\/webok\/wp-content\/uploads\/2026\/01\/618288749_906310108569321_4730432718714499652_n.jpg\" alt=\"\"\/><\/figure>\n","protected":false},"excerpt":{"rendered":"<p>Aqu\u00ed te dejamos la galer\u00eda de San Sebasti\u00e1n, una festividad que se vive con el coraz\u00f3n y que a\u00f1o con a\u00f1o une a nuestro pueblo. Con<span class=\"excerpt-hellip\"> [\u2026]<\/span><\/p>\n","protected":false},"author":1,"featured_media":27143,"comment_status":"open","ping_status":"closed","sticky":false,"template":"","format":"standard","meta":{"ub_ctt_via":"","footnotes":""},"categories":[1],"tags":[],"class_list":["post-27145","post","type-post","status-publish","format-standard","has-post-thumbnail","hentry","category-uncategorized"],"featured_image_src":"https:\/\/www.tuxpan-jal.gob.mx\/webok\/wp-content\/uploads\/2026\/01\/618288749_906310108569321_4730432718714499652_n.jpg","author_info":{"display_name":"admin","author_link":"https:\/\/www.tuxpan-jal.gob.mx\/webok\/?author=1"},"_links":{"self":[{"href":"https:\/\/www.tuxpan-jal.gob.mx\/webok\/index.php?rest_route=\/wp\/v2\/posts\/27145","targetHints":{"allow":["GET"]}}],"collection":[{"href":"https:\/\/www.tuxpan-jal.gob.mx\/webok\/index.php?rest_route=\/wp\/v2\/posts"}],"about":[{"href":"https:\/\/www.tuxpan-jal.gob.mx\/webok\/index.php?rest_route=\/wp\/v2\/types\/post"}],"author":[{"embeddable":true,"href":"https:\/\/www.tuxpan-jal.gob.mx\/webok\/index.php?rest_route=\/wp\/v2\/users\/1"}],"replies":[{"embeddable":true,"href":"https:\/\/www.tuxpan-jal.gob.mx\/webok\/index.php?rest_route=%2Fwp%2Fv2%2Fcomments&post=27145"}],"version-history":[{"count":1,"href":"https:\/\/www.tuxpan-jal.gob.mx\/webok\/index.php?rest_route=\/wp\/v2\/posts\/27145\/revisions"}],"predecessor-version":[{"id":27146,"href":"https:\/\/www.tuxpan-jal.gob.mx\/webok\/index.php?rest_route=\/wp\/v2\/posts\/27145\/revisions\/27146"}],"wp:featuredmedia":[{"embeddable":true,"href":"https:\/\/www.tuxpan-jal.gob.mx\/webok\/index.php?rest_route=\/wp\/v2\/media\/27143"}],"wp:attachment":[{"href":"https:\/\/www.tuxpan-jal.gob.mx\/webok\/index.php?rest_route=%2Fwp%2Fv2%2Fmedia&parent=27145"}],"wp:term":[{"taxonomy":"category","embeddable":true,"href":"https:\/\/www.tuxpan-jal.gob.mx\/webok\/index.php?rest_route=%2Fwp%2Fv2%2Fcategories&post=27145"},{"taxonomy":"post_tag","embeddable":true,"href":"https:\/\/www.tuxpan-jal.gob.mx\/webok\/index.php?rest_route=%2Fwp%2Fv2%2Ftags&post=27145"}],"curies":[{"name":"wp","href":"https:\/\/api.w.org\/{rel}","templated":true}]}}