{"id":27908,"date":"2026-04-27T16:42:31","date_gmt":"2026-04-27T16:42:31","guid":{"rendered":"https:\/\/www.tuxpan-jal.gob.mx\/webok\/?p=27908"},"modified":"2026-04-27T16:42:32","modified_gmt":"2026-04-27T16:42:32","slug":"atencion-comerciantes-2","status":"publish","type":"post","link":"https:\/\/www.tuxpan-jal.gob.mx\/webok\/?p=27908","title":{"rendered":"\u00a1ATENCI\u00d3N COMERCIANTES!"},"content":{"rendered":"\n<p>\u00a1ATENCI\u00d3N COMERCIANTES! <\/p>\n\n\n\n<p>Si quieres participar en el Desfile Inaugural de la Feria de Tuxpan 2026,<\/p>\n\n\n\n<p>\u00a1esta es tu oportunidad! <\/p>\n\n\n\n<p> \u00a1FIESTA MUNDIALISTA!<\/p>\n\n\n\n<p>Un evento lleno de color, alegr\u00eda y ambiente internacional que pondr\u00e1 a Tuxpan en lo m\u00e1s alto.<\/p>\n\n\n\n<p> Es tu momento de formar parte de esta gran celebraci\u00f3n<\/p>\n\n\n\n<p> Informes en Oficial\u00eda Mayor o al <img loading=\"lazy\" decoding=\"async\" height=\"16\" width=\"16\" src=\"https:\/\/static.xx.fbcdn.net\/images\/emoji.php\/v9\/t4d\/1\/16\/1f4de.png\" alt=\"\ud83d\udcde\"> 341 156 3702<\/p>\n\n\n\n<p> \u00a1Evento totalmente gratuito!<\/p>\n\n\n\n<figure class=\"wp-block-image size-large\"><img decoding=\"async\" src=\"https:\/\/www.tuxpan-jal.gob.mx\/webok\/wp-content\/uploads\/2026\/04\/678846339_980359547831043_4669028867122186338_n.jpg\" alt=\"\"\/><\/figure>\n","protected":false},"excerpt":{"rendered":"<p>\u00a1ATENCI\u00d3N COMERCIANTES! Si quieres participar en el Desfile Inaugural de la Feria de Tuxpan 2026, \u00a1esta es tu oportunidad! \u00a1FIESTA MUNDIALISTA! Un evento lleno de color,<span class=\"excerpt-hellip\"> [\u2026]<\/span><\/p>\n","protected":false},"author":1,"featured_media":27907,"comment_status":"open","ping_status":"closed","sticky":false,"template":"","format":"standard","meta":{"ub_ctt_via":"","footnotes":""},"categories":[1],"tags":[],"class_list":["post-27908","post","type-post","status-publish","format-standard","has-post-thumbnail","hentry","category-uncategorized"],"featured_image_src":"https:\/\/www.tuxpan-jal.gob.mx\/webok\/wp-content\/uploads\/2026\/04\/678846339_980359547831043_4669028867122186338_n.jpg","author_info":{"display_name":"admin","author_link":"https:\/\/www.tuxpan-jal.gob.mx\/webok\/?author=1"},"_links":{"self":[{"href":"https:\/\/www.tuxpan-jal.gob.mx\/webok\/index.php?rest_route=\/wp\/v2\/posts\/27908","targetHints":{"allow":["GET"]}}],"collection":[{"href":"https:\/\/www.tuxpan-jal.gob.mx\/webok\/index.php?rest_route=\/wp\/v2\/posts"}],"about":[{"href":"https:\/\/www.tuxpan-jal.gob.mx\/webok\/index.php?rest_route=\/wp\/v2\/types\/post"}],"author":[{"embeddable":true,"href":"https:\/\/www.tuxpan-jal.gob.mx\/webok\/index.php?rest_route=\/wp\/v2\/users\/1"}],"replies":[{"embeddable":true,"href":"https:\/\/www.tuxpan-jal.gob.mx\/webok\/index.php?rest_route=%2Fwp%2Fv2%2Fcomments&post=27908"}],"version-history":[{"count":1,"href":"https:\/\/www.tuxpan-jal.gob.mx\/webok\/index.php?rest_route=\/wp\/v2\/posts\/27908\/revisions"}],"predecessor-version":[{"id":27909,"href":"https:\/\/www.tuxpan-jal.gob.mx\/webok\/index.php?rest_route=\/wp\/v2\/posts\/27908\/revisions\/27909"}],"wp:featuredmedia":[{"embeddable":true,"href":"https:\/\/www.tuxpan-jal.gob.mx\/webok\/index.php?rest_route=\/wp\/v2\/media\/27907"}],"wp:attachment":[{"href":"https:\/\/www.tuxpan-jal.gob.mx\/webok\/index.php?rest_route=%2Fwp%2Fv2%2Fmedia&parent=27908"}],"wp:term":[{"taxonomy":"category","embeddable":true,"href":"https:\/\/www.tuxpan-jal.gob.mx\/webok\/index.php?rest_route=%2Fwp%2Fv2%2Fcategories&post=27908"},{"taxonomy":"post_tag","embeddable":true,"href":"https:\/\/www.tuxpan-jal.gob.mx\/webok\/index.php?rest_route=%2Fwp%2Fv2%2Ftags&post=27908"}],"curies":[{"name":"wp","href":"https:\/\/api.w.org\/{rel}","templated":true}]}}