{"id":27917,"date":"2026-04-27T16:49:24","date_gmt":"2026-04-27T16:49:24","guid":{"rendered":"https:\/\/www.tuxpan-jal.gob.mx\/webok\/?p=27917"},"modified":"2026-04-27T16:49:25","modified_gmt":"2026-04-27T16:49:25","slug":"el-arte-tambien-se-vive-en-las-calles-y-en-nuestro-centro-cultural","status":"publish","type":"post","link":"https:\/\/www.tuxpan-jal.gob.mx\/webok\/?p=27917","title":{"rendered":"El arte tambi\u00e9n se vive en las calles\u2026 \u00a1y en nuestro Centro Cultural!"},"content":{"rendered":"\n<p>El arte tambi\u00e9n se vive en las calles\u2026 \u00a1y en nuestro Centro Cultural! <\/p>\n\n\n\n<p>En el marco de la Caravana Art\u00edstica, j\u00f3venes de nuestro municipio tuvieron la oportunidad de participar en el taller de arte madonnari realizado en el Centro Cultural, donde transformaron el suelo en verdaderas obras llenas de color, creatividad y talento.<\/p>\n\n\n\n<p>Con cada trazo, demostraron su imaginaci\u00f3n y pasi\u00f3n por el arte, llenando este espacio de vida y expresi\u00f3n. Estas actividades no solo impulsan la creatividad, sino que tambi\u00e9n fortalecen el sentido de identidad y comunidad.<\/p>\n\n\n\n<p>Seguimos generando espacios donde el talento local pueda expresarse y crecer<\/p>\n\n\n\n<figure class=\"wp-block-image size-large\"><img decoding=\"async\" src=\"https:\/\/www.tuxpan-jal.gob.mx\/webok\/wp-content\/uploads\/2026\/04\/678337950_981665347700463_8411880555201029717_n.jpg\" alt=\"\"\/><\/figure>\n","protected":false},"excerpt":{"rendered":"<p>El arte tambi\u00e9n se vive en las calles\u2026 \u00a1y en nuestro Centro Cultural! En el marco de la Caravana Art\u00edstica, j\u00f3venes de nuestro municipio tuvieron la<span class=\"excerpt-hellip\"> [\u2026]<\/span><\/p>\n","protected":false},"author":1,"featured_media":27916,"comment_status":"open","ping_status":"closed","sticky":false,"template":"","format":"standard","meta":{"ub_ctt_via":"","footnotes":""},"categories":[1],"tags":[],"class_list":["post-27917","post","type-post","status-publish","format-standard","has-post-thumbnail","hentry","category-uncategorized"],"featured_image_src":"https:\/\/www.tuxpan-jal.gob.mx\/webok\/wp-content\/uploads\/2026\/04\/678337950_981665347700463_8411880555201029717_n.jpg","author_info":{"display_name":"admin","author_link":"https:\/\/www.tuxpan-jal.gob.mx\/webok\/?author=1"},"_links":{"self":[{"href":"https:\/\/www.tuxpan-jal.gob.mx\/webok\/index.php?rest_route=\/wp\/v2\/posts\/27917","targetHints":{"allow":["GET"]}}],"collection":[{"href":"https:\/\/www.tuxpan-jal.gob.mx\/webok\/index.php?rest_route=\/wp\/v2\/posts"}],"about":[{"href":"https:\/\/www.tuxpan-jal.gob.mx\/webok\/index.php?rest_route=\/wp\/v2\/types\/post"}],"author":[{"embeddable":true,"href":"https:\/\/www.tuxpan-jal.gob.mx\/webok\/index.php?rest_route=\/wp\/v2\/users\/1"}],"replies":[{"embeddable":true,"href":"https:\/\/www.tuxpan-jal.gob.mx\/webok\/index.php?rest_route=%2Fwp%2Fv2%2Fcomments&post=27917"}],"version-history":[{"count":1,"href":"https:\/\/www.tuxpan-jal.gob.mx\/webok\/index.php?rest_route=\/wp\/v2\/posts\/27917\/revisions"}],"predecessor-version":[{"id":27918,"href":"https:\/\/www.tuxpan-jal.gob.mx\/webok\/index.php?rest_route=\/wp\/v2\/posts\/27917\/revisions\/27918"}],"wp:featuredmedia":[{"embeddable":true,"href":"https:\/\/www.tuxpan-jal.gob.mx\/webok\/index.php?rest_route=\/wp\/v2\/media\/27916"}],"wp:attachment":[{"href":"https:\/\/www.tuxpan-jal.gob.mx\/webok\/index.php?rest_route=%2Fwp%2Fv2%2Fmedia&parent=27917"}],"wp:term":[{"taxonomy":"category","embeddable":true,"href":"https:\/\/www.tuxpan-jal.gob.mx\/webok\/index.php?rest_route=%2Fwp%2Fv2%2Fcategories&post=27917"},{"taxonomy":"post_tag","embeddable":true,"href":"https:\/\/www.tuxpan-jal.gob.mx\/webok\/index.php?rest_route=%2Fwp%2Fv2%2Ftags&post=27917"}],"curies":[{"name":"wp","href":"https:\/\/api.w.org\/{rel}","templated":true}]}}